{"id":9066,"date":"2024-03-15T16:18:10","date_gmt":"2024-03-15T19:18:10","guid":{"rendered":"https:\/\/ibyme.org.ar\/investigacion\/?p=9066"},"modified":"2024-03-15T16:18:10","modified_gmt":"2024-03-15T19:18:10","slug":"juan-manuel-riano-gomez-presento-una-comunicacion-oral-en-el-congreso-de-la-pans-en-santos-brasil","status":"publish","type":"post","link":"https:\/\/ibyme.org.ar\/investigacion\/en\/juan-manuel-riano-gomez-presento-una-comunicacion-oral-en-el-congreso-de-la-pans-en-santos-brasil\/","title":{"rendered":"Juan Manuel Ria\u00f1o G\u00f3mez present\u00f3 una comunicaci\u00f3n oral en el congreso de la PANS en Santos, Brasil"},"content":{"rendered":"<p>Juan Manuel Ria\u00f1o G\u00f3mez present\u00f3 oralmente el trabajo &#8220;<em>In vitro effects of benzophenone2 or benzophenone3 on FSH gene expression in immortalized gonadotrophs and pituitary glands&#8221;. <\/em>La presentaci\u00f3n se llev\u00f3 a cabo en el Simposio 2: &#8220;Environmental inputs that shape neuroendocrine responses&#8221;, en el marco de la 2nd International Meeting of the Pan American Neuroendocrine Society, PANS2024, en Santos, Brasil, realizado entre el 10-13 de marzo de 2024.<\/p>\n<p><img decoding=\"async\" class=\"alignnone size-medium wp-image-9064\" src=\"https:\/\/ibyme.org.ar\/investigacion\/wp-content\/uploads\/2024\/03\/PANS-2024-300x226.jpg\" alt=\"\" width=\"300\" height=\"226\" srcset=\"https:\/\/ibyme.org.ar\/investigacion\/wp-content\/uploads\/2024\/03\/PANS-2024-200x151.jpg 200w, https:\/\/ibyme.org.ar\/investigacion\/wp-content\/uploads\/2024\/03\/PANS-2024-300x226.jpg 300w, https:\/\/ibyme.org.ar\/investigacion\/wp-content\/uploads\/2024\/03\/PANS-2024-400x301.jpg 400w, https:\/\/ibyme.org.ar\/investigacion\/wp-content\/uploads\/2024\/03\/PANS-2024-600x452.jpg 600w, https:\/\/ibyme.org.ar\/investigacion\/wp-content\/uploads\/2024\/03\/PANS-2024-768x578.jpg 768w, https:\/\/ibyme.org.ar\/investigacion\/wp-content\/uploads\/2024\/03\/PANS-2024-800x602.jpg 800w, https:\/\/ibyme.org.ar\/investigacion\/wp-content\/uploads\/2024\/03\/PANS-2024-1024x771.jpg 1024w, https:\/\/ibyme.org.ar\/investigacion\/wp-content\/uploads\/2024\/03\/PANS-2024-1200x903.jpg 1200w, https:\/\/ibyme.org.ar\/investigacion\/wp-content\/uploads\/2024\/03\/PANS-2024-1536x1156.jpg 1536w, https:\/\/ibyme.org.ar\/investigacion\/wp-content\/uploads\/2024\/03\/PANS-2024.jpg 1600w\" sizes=\"(max-width: 300px) 100vw, 300px\" \/><\/p>\n","protected":false},"excerpt":{"rendered":"<p>Juan Manuel Ria\u00f1o G\u00f3mez present\u00f3 oralmente el trabajo &#8220;In vitro [&hellip;]<\/p>\n","protected":false},"author":24,"featured_media":0,"comment_status":"closed","ping_status":"closed","sticky":false,"template":"","format":"standard","meta":{"_acf_changed":false,"inline_featured_image":false,"wpupg_custom_link":[],"wpupg_custom_link_behaviour":[],"wpupg_custom_link_nofollow":[],"wpupg_custom_image":[],"wpupg_custom_image_id":[],"footnotes":""},"categories":[334],"tags":[],"class_list":["post-9066","post","type-post","status-publish","format-standard","hentry","category-neuroendocrinologia"],"acf":[],"yoast_head":"<!-- This site is optimized with the Yoast SEO plugin v26.6 - https:\/\/yoast.com\/wordpress\/plugins\/seo\/ -->\n<title>Juan Manuel Ria\u00f1o G\u00f3mez present\u00f3 una comunicaci\u00f3n oral en el congreso de la PANS en Santos, Brasil - IBYME<\/title>\n<meta name=\"robots\" content=\"index, follow, max-snippet:-1, max-image-preview:large, max-video-preview:-1\" \/>\n<link rel=\"canonical\" href=\"https:\/\/ibyme.org.ar\/investigacion\/es\/juan-manuel-riano-gomez-presento-una-comunicacion-oral-en-el-congreso-de-la-pans-en-santos-brasil\/\" \/>\n<meta property=\"og:locale\" content=\"en_US\" \/>\n<meta property=\"og:type\" content=\"article\" \/>\n<meta property=\"og:title\" content=\"Juan Manuel Ria\u00f1o G\u00f3mez present\u00f3 una comunicaci\u00f3n oral en el congreso de la PANS en Santos, Brasil - IBYME\" \/>\n<meta property=\"og:description\" content=\"Juan Manuel Ria\u00f1o G\u00f3mez present\u00f3 oralmente el trabajo &#8220;In vitro [&hellip;]\" \/>\n<meta property=\"og:url\" content=\"https:\/\/ibyme.org.ar\/investigacion\/es\/juan-manuel-riano-gomez-presento-una-comunicacion-oral-en-el-congreso-de-la-pans-en-santos-brasil\/\" \/>\n<meta property=\"og:site_name\" content=\"IBYME\" \/>\n<meta property=\"article:published_time\" content=\"2024-03-15T19:18:10+00:00\" \/>\n<meta property=\"og:image\" content=\"https:\/\/ibyme.org.ar\/investigacion\/wp-content\/uploads\/2024\/03\/PANS-2024-300x226.jpg\" \/>\n<meta name=\"author\" content=\"Marina Fernandez\" \/>\n<meta name=\"twitter:card\" content=\"summary_large_image\" \/>\n<meta name=\"twitter:label1\" content=\"Written by\" \/>\n\t<meta name=\"twitter:data1\" content=\"Marina Fernandez\" \/>\n<script type=\"application\/ld+json\" class=\"yoast-schema-graph\">{\"@context\":\"https:\/\/schema.org\",\"@graph\":[{\"@type\":\"WebPage\",\"@id\":\"https:\/\/ibyme.org.ar\/investigacion\/es\/juan-manuel-riano-gomez-presento-una-comunicacion-oral-en-el-congreso-de-la-pans-en-santos-brasil\/\",\"url\":\"https:\/\/ibyme.org.ar\/investigacion\/es\/juan-manuel-riano-gomez-presento-una-comunicacion-oral-en-el-congreso-de-la-pans-en-santos-brasil\/\",\"name\":\"Juan Manuel Ria\u00f1o G\u00f3mez present\u00f3 una comunicaci\u00f3n oral en el congreso de la PANS en Santos, Brasil - IBYME\",\"isPartOf\":{\"@id\":\"https:\/\/ibyme.org.ar\/investigacion\/en\/#website\"},\"primaryImageOfPage\":{\"@id\":\"https:\/\/ibyme.org.ar\/investigacion\/es\/juan-manuel-riano-gomez-presento-una-comunicacion-oral-en-el-congreso-de-la-pans-en-santos-brasil\/#primaryimage\"},\"image\":{\"@id\":\"https:\/\/ibyme.org.ar\/investigacion\/es\/juan-manuel-riano-gomez-presento-una-comunicacion-oral-en-el-congreso-de-la-pans-en-santos-brasil\/#primaryimage\"},\"thumbnailUrl\":\"https:\/\/ibyme.org.ar\/investigacion\/wp-content\/uploads\/2024\/03\/PANS-2024-300x226.jpg\",\"datePublished\":\"2024-03-15T19:18:10+00:00\",\"author\":{\"@id\":\"https:\/\/ibyme.org.ar\/investigacion\/en\/#\/schema\/person\/9f27fbf40ec187336e26f131256b8f8d\"},\"breadcrumb\":{\"@id\":\"https:\/\/ibyme.org.ar\/investigacion\/es\/juan-manuel-riano-gomez-presento-una-comunicacion-oral-en-el-congreso-de-la-pans-en-santos-brasil\/#breadcrumb\"},\"inLanguage\":\"en-US\",\"potentialAction\":[{\"@type\":\"ReadAction\",\"target\":[\"https:\/\/ibyme.org.ar\/investigacion\/es\/juan-manuel-riano-gomez-presento-una-comunicacion-oral-en-el-congreso-de-la-pans-en-santos-brasil\/\"]}]},{\"@type\":\"ImageObject\",\"inLanguage\":\"en-US\",\"@id\":\"https:\/\/ibyme.org.ar\/investigacion\/es\/juan-manuel-riano-gomez-presento-una-comunicacion-oral-en-el-congreso-de-la-pans-en-santos-brasil\/#primaryimage\",\"url\":\"https:\/\/ibyme.org.ar\/investigacion\/wp-content\/uploads\/2024\/03\/PANS-2024-300x226.jpg\",\"contentUrl\":\"https:\/\/ibyme.org.ar\/investigacion\/wp-content\/uploads\/2024\/03\/PANS-2024-300x226.jpg\"},{\"@type\":\"BreadcrumbList\",\"@id\":\"https:\/\/ibyme.org.ar\/investigacion\/es\/juan-manuel-riano-gomez-presento-una-comunicacion-oral-en-el-congreso-de-la-pans-en-santos-brasil\/#breadcrumb\",\"itemListElement\":[{\"@type\":\"ListItem\",\"position\":1,\"name\":\"Inicio\",\"item\":\"https:\/\/ibyme.org.ar\/investigacion\/en\/laboratories\/\"},{\"@type\":\"ListItem\",\"position\":2,\"name\":\"Juan Manuel Ria\u00f1o G\u00f3mez present\u00f3 una comunicaci\u00f3n oral en el congreso de la PANS en Santos, Brasil\"}]},{\"@type\":\"WebSite\",\"@id\":\"https:\/\/ibyme.org.ar\/investigacion\/en\/#website\",\"url\":\"https:\/\/ibyme.org.ar\/investigacion\/en\/\",\"name\":\"IBYME\",\"description\":\"Instituto de Biolog\u00eda y Medicina Experimental\",\"potentialAction\":[{\"@type\":\"SearchAction\",\"target\":{\"@type\":\"EntryPoint\",\"urlTemplate\":\"https:\/\/ibyme.org.ar\/investigacion\/en\/?s={search_term_string}\"},\"query-input\":{\"@type\":\"PropertyValueSpecification\",\"valueRequired\":true,\"valueName\":\"search_term_string\"}}],\"inLanguage\":\"en-US\"},{\"@type\":\"Person\",\"@id\":\"https:\/\/ibyme.org.ar\/investigacion\/en\/#\/schema\/person\/9f27fbf40ec187336e26f131256b8f8d\",\"name\":\"Marina Fernandez\",\"url\":\"https:\/\/ibyme.org.ar\/investigacion\/en\/author\/neuroendo\/\"}]}<\/script>\n<!-- \/ Yoast SEO plugin. -->","yoast_head_json":{"title":"Juan Manuel Ria\u00f1o G\u00f3mez present\u00f3 una comunicaci\u00f3n oral en el congreso de la PANS en Santos, Brasil - IBYME","robots":{"index":"index","follow":"follow","max-snippet":"max-snippet:-1","max-image-preview":"max-image-preview:large","max-video-preview":"max-video-preview:-1"},"canonical":"https:\/\/ibyme.org.ar\/investigacion\/es\/juan-manuel-riano-gomez-presento-una-comunicacion-oral-en-el-congreso-de-la-pans-en-santos-brasil\/","og_locale":"en_US","og_type":"article","og_title":"Juan Manuel Ria\u00f1o G\u00f3mez present\u00f3 una comunicaci\u00f3n oral en el congreso de la PANS en Santos, Brasil - IBYME","og_description":"Juan Manuel Ria\u00f1o G\u00f3mez present\u00f3 oralmente el trabajo &#8220;In vitro [&hellip;]","og_url":"https:\/\/ibyme.org.ar\/investigacion\/es\/juan-manuel-riano-gomez-presento-una-comunicacion-oral-en-el-congreso-de-la-pans-en-santos-brasil\/","og_site_name":"IBYME","article_published_time":"2024-03-15T19:18:10+00:00","og_image":[{"url":"https:\/\/ibyme.org.ar\/investigacion\/wp-content\/uploads\/2024\/03\/PANS-2024-300x226.jpg","type":"","width":"","height":""}],"author":"Marina Fernandez","twitter_card":"summary_large_image","twitter_misc":{"Written by":"Marina Fernandez"},"schema":{"@context":"https:\/\/schema.org","@graph":[{"@type":"WebPage","@id":"https:\/\/ibyme.org.ar\/investigacion\/es\/juan-manuel-riano-gomez-presento-una-comunicacion-oral-en-el-congreso-de-la-pans-en-santos-brasil\/","url":"https:\/\/ibyme.org.ar\/investigacion\/es\/juan-manuel-riano-gomez-presento-una-comunicacion-oral-en-el-congreso-de-la-pans-en-santos-brasil\/","name":"Juan Manuel Ria\u00f1o G\u00f3mez present\u00f3 una comunicaci\u00f3n oral en el congreso de la PANS en Santos, Brasil - IBYME","isPartOf":{"@id":"https:\/\/ibyme.org.ar\/investigacion\/en\/#website"},"primaryImageOfPage":{"@id":"https:\/\/ibyme.org.ar\/investigacion\/es\/juan-manuel-riano-gomez-presento-una-comunicacion-oral-en-el-congreso-de-la-pans-en-santos-brasil\/#primaryimage"},"image":{"@id":"https:\/\/ibyme.org.ar\/investigacion\/es\/juan-manuel-riano-gomez-presento-una-comunicacion-oral-en-el-congreso-de-la-pans-en-santos-brasil\/#primaryimage"},"thumbnailUrl":"https:\/\/ibyme.org.ar\/investigacion\/wp-content\/uploads\/2024\/03\/PANS-2024-300x226.jpg","datePublished":"2024-03-15T19:18:10+00:00","author":{"@id":"https:\/\/ibyme.org.ar\/investigacion\/en\/#\/schema\/person\/9f27fbf40ec187336e26f131256b8f8d"},"breadcrumb":{"@id":"https:\/\/ibyme.org.ar\/investigacion\/es\/juan-manuel-riano-gomez-presento-una-comunicacion-oral-en-el-congreso-de-la-pans-en-santos-brasil\/#breadcrumb"},"inLanguage":"en-US","potentialAction":[{"@type":"ReadAction","target":["https:\/\/ibyme.org.ar\/investigacion\/es\/juan-manuel-riano-gomez-presento-una-comunicacion-oral-en-el-congreso-de-la-pans-en-santos-brasil\/"]}]},{"@type":"ImageObject","inLanguage":"en-US","@id":"https:\/\/ibyme.org.ar\/investigacion\/es\/juan-manuel-riano-gomez-presento-una-comunicacion-oral-en-el-congreso-de-la-pans-en-santos-brasil\/#primaryimage","url":"https:\/\/ibyme.org.ar\/investigacion\/wp-content\/uploads\/2024\/03\/PANS-2024-300x226.jpg","contentUrl":"https:\/\/ibyme.org.ar\/investigacion\/wp-content\/uploads\/2024\/03\/PANS-2024-300x226.jpg"},{"@type":"BreadcrumbList","@id":"https:\/\/ibyme.org.ar\/investigacion\/es\/juan-manuel-riano-gomez-presento-una-comunicacion-oral-en-el-congreso-de-la-pans-en-santos-brasil\/#breadcrumb","itemListElement":[{"@type":"ListItem","position":1,"name":"Inicio","item":"https:\/\/ibyme.org.ar\/investigacion\/en\/laboratories\/"},{"@type":"ListItem","position":2,"name":"Juan Manuel Ria\u00f1o G\u00f3mez present\u00f3 una comunicaci\u00f3n oral en el congreso de la PANS en Santos, Brasil"}]},{"@type":"WebSite","@id":"https:\/\/ibyme.org.ar\/investigacion\/en\/#website","url":"https:\/\/ibyme.org.ar\/investigacion\/en\/","name":"IBYME","description":"Instituto de Biolog\u00eda y Medicina Experimental","potentialAction":[{"@type":"SearchAction","target":{"@type":"EntryPoint","urlTemplate":"https:\/\/ibyme.org.ar\/investigacion\/en\/?s={search_term_string}"},"query-input":{"@type":"PropertyValueSpecification","valueRequired":true,"valueName":"search_term_string"}}],"inLanguage":"en-US"},{"@type":"Person","@id":"https:\/\/ibyme.org.ar\/investigacion\/en\/#\/schema\/person\/9f27fbf40ec187336e26f131256b8f8d","name":"Marina Fernandez","url":"https:\/\/ibyme.org.ar\/investigacion\/en\/author\/neuroendo\/"}]}},"_links":{"self":[{"href":"https:\/\/ibyme.org.ar\/investigacion\/en\/wp-json\/wp\/v2\/posts\/9066","targetHints":{"allow":["GET"]}}],"collection":[{"href":"https:\/\/ibyme.org.ar\/investigacion\/en\/wp-json\/wp\/v2\/posts"}],"about":[{"href":"https:\/\/ibyme.org.ar\/investigacion\/en\/wp-json\/wp\/v2\/types\/post"}],"author":[{"embeddable":true,"href":"https:\/\/ibyme.org.ar\/investigacion\/en\/wp-json\/wp\/v2\/users\/24"}],"replies":[{"embeddable":true,"href":"https:\/\/ibyme.org.ar\/investigacion\/en\/wp-json\/wp\/v2\/comments?post=9066"}],"version-history":[{"count":2,"href":"https:\/\/ibyme.org.ar\/investigacion\/en\/wp-json\/wp\/v2\/posts\/9066\/revisions"}],"predecessor-version":[{"id":9068,"href":"https:\/\/ibyme.org.ar\/investigacion\/en\/wp-json\/wp\/v2\/posts\/9066\/revisions\/9068"}],"wp:attachment":[{"href":"https:\/\/ibyme.org.ar\/investigacion\/en\/wp-json\/wp\/v2\/media?parent=9066"}],"wp:term":[{"taxonomy":"category","embeddable":true,"href":"https:\/\/ibyme.org.ar\/investigacion\/en\/wp-json\/wp\/v2\/categories?post=9066"},{"taxonomy":"post_tag","embeddable":true,"href":"https:\/\/ibyme.org.ar\/investigacion\/en\/wp-json\/wp\/v2\/tags?post=9066"}],"curies":[{"name":"wp","href":"https:\/\/api.w.org\/{rel}","templated":true}]}}