{"id":12545,"date":"2025-10-02T13:51:00","date_gmt":"2025-10-02T16:51:00","guid":{"rendered":"https:\/\/ibyme.org.ar\/investigacion\/?p=12545"},"modified":"2025-10-02T15:08:44","modified_gmt":"2025-10-02T18:08:44","slug":"entrevista-al-dr-juan-carlos-calvo-el-1-de-octubre-de-2025","status":"publish","type":"post","link":"https:\/\/ibyme.org.ar\/investigacion\/entrevista-al-dr-juan-carlos-calvo-el-1-de-octubre-de-2025\/","title":{"rendered":"Entrevista al Dr Juan Carlos Calvo el 1 de octubre de 2025"},"content":{"rendered":"<p><a href=\"https:\/\/drive.google.com\/file\/d\/10HxyUJms1W_tP-0fGqiWVUL1ckcRMggv\/view?usp=drive_link\">https:\/\/drive.google.com\/file\/d\/10HxyUJms1W_tP-0fGqiWVUL1ckcRMggv\/view?usp=drive_link<\/a><img decoding=\"async\" class=\"alignnone size-medium wp-image-7353\" src=\"https:\/\/ibyme.org.ar\/investigacion\/wp-content\/uploads\/2023\/07\/Carlos-Calvo-perfil-289x300.jpg\" alt=\"\" width=\"289\" height=\"300\" srcset=\"https:\/\/ibyme.org.ar\/investigacion\/wp-content\/uploads\/2023\/07\/Carlos-Calvo-perfil-200x207.jpg 200w, https:\/\/ibyme.org.ar\/investigacion\/wp-content\/uploads\/2023\/07\/Carlos-Calvo-perfil-289x300.jpg 289w, https:\/\/ibyme.org.ar\/investigacion\/wp-content\/uploads\/2023\/07\/Carlos-Calvo-perfil-400x415.jpg 400w, https:\/\/ibyme.org.ar\/investigacion\/wp-content\/uploads\/2023\/07\/Carlos-Calvo-perfil.jpg 600w\" sizes=\"(max-width: 289px) 100vw, 289px\" \/><\/p>\n<p>Esta es una entrevista que le realizaron al Dr Juan Carlos Calvo en la radio Antena Pueblo el 1 de octubre de 2025 sobre el tema Vacunas y sistema inmunol\u00f3gico. En esta entrevista el Dr Calvo explica en lenguaje muy simple c\u00f3mo funciona el sistema inmunol\u00f3gico y las vacunas. Adem\u00e1s profundiza en la importancia de la vacunaci\u00f3n no solamente para uno mismo sino como un acto solidario.<\/p>\n","protected":false},"excerpt":{"rendered":"<p>https:\/\/drive.google.com\/file\/d\/10HxyUJms1W_tP-0fGqiWVUL1ckcRMggv\/view?usp=drive_link Esta es una entrevista que le realizaron al Dr [&hellip;]<\/p>\n","protected":false},"author":18,"featured_media":12555,"comment_status":"closed","ping_status":"closed","sticky":false,"template":"","format":"standard","meta":{"_acf_changed":false,"inline_featured_image":false,"wpupg_custom_link":[],"wpupg_custom_link_behaviour":["default"],"wpupg_custom_link_nofollow":["default"],"wpupg_custom_image":[],"wpupg_custom_image_id":[],"footnotes":""},"categories":[339],"tags":[],"class_list":["post-12545","post","type-post","status-publish","format-standard","has-post-thumbnail","hentry","category-quimica-de-proteoglicanos-y-matriz-extracelular"],"acf":[],"yoast_head":"<!-- This site is optimized with the Yoast SEO plugin v26.6 - https:\/\/yoast.com\/wordpress\/plugins\/seo\/ -->\n<title>Entrevista al Dr Juan Carlos Calvo el 1 de octubre de 2025 - IBYME<\/title>\n<meta name=\"description\" content=\"Esta es una entrevista que le realizaron al Dr Juan Carlos Calvo en la radio Antenapueblo el 1 de octubre de 2025 sobre el tema Vacunas y sistema inmunol\u00f3gico. En esta entrevista el Dr Calvo explica en lenguaje muy simple c\u00f3mo funciona el sistema inmunol\u00f3gico y las vacunas. Adem\u00e1s profundiza en la importancia de la vacunaci\u00f3n no solamente para uno mismo sino como un acto solidario.\" \/>\n<meta name=\"robots\" content=\"index, follow, max-snippet:-1, max-image-preview:large, max-video-preview:-1\" \/>\n<link rel=\"canonical\" href=\"https:\/\/ibyme.org.ar\/investigacion\/entrevista-al-dr-juan-carlos-calvo-el-1-de-octubre-de-2025\/\" \/>\n<meta property=\"og:locale\" content=\"es_ES\" \/>\n<meta property=\"og:type\" content=\"article\" \/>\n<meta property=\"og:title\" content=\"Entrevista al Dr Juan Carlos Calvo el 1 de octubre de 2025 - IBYME\" \/>\n<meta property=\"og:description\" content=\"Esta es una entrevista que le realizaron al Dr Juan Carlos Calvo en la radio Antenapueblo el 1 de octubre de 2025 sobre el tema Vacunas y sistema inmunol\u00f3gico. En esta entrevista el Dr Calvo explica en lenguaje muy simple c\u00f3mo funciona el sistema inmunol\u00f3gico y las vacunas. Adem\u00e1s profundiza en la importancia de la vacunaci\u00f3n no solamente para uno mismo sino como un acto solidario.\" \/>\n<meta property=\"og:url\" content=\"https:\/\/ibyme.org.ar\/investigacion\/entrevista-al-dr-juan-carlos-calvo-el-1-de-octubre-de-2025\/\" \/>\n<meta property=\"og:site_name\" content=\"IBYME\" \/>\n<meta property=\"article:published_time\" content=\"2025-10-02T16:51:00+00:00\" \/>\n<meta property=\"article:modified_time\" content=\"2025-10-02T18:08:44+00:00\" \/>\n<meta property=\"og:image\" content=\"https:\/\/ibyme.org.ar\/investigacion\/wp-content\/uploads\/2025\/10\/Antena-Pluebo-1.jpg\" \/>\n\t<meta property=\"og:image:width\" content=\"928\" \/>\n\t<meta property=\"og:image:height\" content=\"1440\" \/>\n\t<meta property=\"og:image:type\" content=\"image\/jpeg\" \/>\n<meta name=\"author\" content=\"Juan Carlos Calvo\" \/>\n<meta name=\"twitter:card\" content=\"summary_large_image\" \/>\n<meta name=\"twitter:label1\" content=\"Escrito por\" \/>\n\t<meta name=\"twitter:data1\" content=\"Juan Carlos Calvo\" \/>\n\t<meta name=\"twitter:label2\" content=\"Tiempo de lectura\" \/>\n\t<meta name=\"twitter:data2\" content=\"1 minuto\" \/>\n<script type=\"application\/ld+json\" class=\"yoast-schema-graph\">{\"@context\":\"https:\/\/schema.org\",\"@graph\":[{\"@type\":\"WebPage\",\"@id\":\"https:\/\/ibyme.org.ar\/investigacion\/entrevista-al-dr-juan-carlos-calvo-el-1-de-octubre-de-2025\/\",\"url\":\"https:\/\/ibyme.org.ar\/investigacion\/entrevista-al-dr-juan-carlos-calvo-el-1-de-octubre-de-2025\/\",\"name\":\"Entrevista al Dr Juan Carlos Calvo el 1 de octubre de 2025 - IBYME\",\"isPartOf\":{\"@id\":\"https:\/\/ibyme.org.ar\/investigacion\/en\/#website\"},\"primaryImageOfPage\":{\"@id\":\"https:\/\/ibyme.org.ar\/investigacion\/entrevista-al-dr-juan-carlos-calvo-el-1-de-octubre-de-2025\/#primaryimage\"},\"image\":{\"@id\":\"https:\/\/ibyme.org.ar\/investigacion\/entrevista-al-dr-juan-carlos-calvo-el-1-de-octubre-de-2025\/#primaryimage\"},\"thumbnailUrl\":\"https:\/\/ibyme.org.ar\/investigacion\/wp-content\/uploads\/2025\/10\/Antena-Pluebo-1.jpg\",\"datePublished\":\"2025-10-02T16:51:00+00:00\",\"dateModified\":\"2025-10-02T18:08:44+00:00\",\"author\":{\"@id\":\"https:\/\/ibyme.org.ar\/investigacion\/en\/#\/schema\/person\/45a637a37ee656b136397e9c413c391f\"},\"description\":\"Esta es una entrevista que le realizaron al Dr Juan Carlos Calvo en la radio Antenapueblo el 1 de octubre de 2025 sobre el tema Vacunas y sistema inmunol\u00f3gico. En esta entrevista el Dr Calvo explica en lenguaje muy simple c\u00f3mo funciona el sistema inmunol\u00f3gico y las vacunas. Adem\u00e1s profundiza en la importancia de la vacunaci\u00f3n no solamente para uno mismo sino como un acto solidario.\",\"breadcrumb\":{\"@id\":\"https:\/\/ibyme.org.ar\/investigacion\/entrevista-al-dr-juan-carlos-calvo-el-1-de-octubre-de-2025\/#breadcrumb\"},\"inLanguage\":\"es\",\"potentialAction\":[{\"@type\":\"ReadAction\",\"target\":[\"https:\/\/ibyme.org.ar\/investigacion\/entrevista-al-dr-juan-carlos-calvo-el-1-de-octubre-de-2025\/\"]}]},{\"@type\":\"ImageObject\",\"inLanguage\":\"es\",\"@id\":\"https:\/\/ibyme.org.ar\/investigacion\/entrevista-al-dr-juan-carlos-calvo-el-1-de-octubre-de-2025\/#primaryimage\",\"url\":\"https:\/\/ibyme.org.ar\/investigacion\/wp-content\/uploads\/2025\/10\/Antena-Pluebo-1.jpg\",\"contentUrl\":\"https:\/\/ibyme.org.ar\/investigacion\/wp-content\/uploads\/2025\/10\/Antena-Pluebo-1.jpg\",\"width\":928,\"height\":1440},{\"@type\":\"BreadcrumbList\",\"@id\":\"https:\/\/ibyme.org.ar\/investigacion\/entrevista-al-dr-juan-carlos-calvo-el-1-de-octubre-de-2025\/#breadcrumb\",\"itemListElement\":[{\"@type\":\"ListItem\",\"position\":1,\"name\":\"Inicio\",\"item\":\"https:\/\/ibyme.org.ar\/investigacion\/en\/laboratories\/\"},{\"@type\":\"ListItem\",\"position\":2,\"name\":\"Entrevista al Dr Juan Carlos Calvo el 1 de octubre de 2025\"}]},{\"@type\":\"WebSite\",\"@id\":\"https:\/\/ibyme.org.ar\/investigacion\/en\/#website\",\"url\":\"https:\/\/ibyme.org.ar\/investigacion\/en\/\",\"name\":\"IBYME\",\"description\":\"Instituto de Biolog\u00eda y Medicina Experimental\",\"potentialAction\":[{\"@type\":\"SearchAction\",\"target\":{\"@type\":\"EntryPoint\",\"urlTemplate\":\"https:\/\/ibyme.org.ar\/investigacion\/en\/?s={search_term_string}\"},\"query-input\":{\"@type\":\"PropertyValueSpecification\",\"valueRequired\":true,\"valueName\":\"search_term_string\"}}],\"inLanguage\":\"es\"},{\"@type\":\"Person\",\"@id\":\"https:\/\/ibyme.org.ar\/investigacion\/en\/#\/schema\/person\/45a637a37ee656b136397e9c413c391f\",\"name\":\"Juan Carlos Calvo\",\"url\":\"https:\/\/ibyme.org.ar\/investigacion\/author\/labomec\/\"}]}<\/script>\n<!-- \/ Yoast SEO plugin. -->","yoast_head_json":{"title":"Entrevista al Dr Juan Carlos Calvo el 1 de octubre de 2025 - IBYME","description":"Esta es una entrevista que le realizaron al Dr Juan Carlos Calvo en la radio Antenapueblo el 1 de octubre de 2025 sobre el tema Vacunas y sistema inmunol\u00f3gico. En esta entrevista el Dr Calvo explica en lenguaje muy simple c\u00f3mo funciona el sistema inmunol\u00f3gico y las vacunas. Adem\u00e1s profundiza en la importancia de la vacunaci\u00f3n no solamente para uno mismo sino como un acto solidario.","robots":{"index":"index","follow":"follow","max-snippet":"max-snippet:-1","max-image-preview":"max-image-preview:large","max-video-preview":"max-video-preview:-1"},"canonical":"https:\/\/ibyme.org.ar\/investigacion\/entrevista-al-dr-juan-carlos-calvo-el-1-de-octubre-de-2025\/","og_locale":"es_ES","og_type":"article","og_title":"Entrevista al Dr Juan Carlos Calvo el 1 de octubre de 2025 - IBYME","og_description":"Esta es una entrevista que le realizaron al Dr Juan Carlos Calvo en la radio Antenapueblo el 1 de octubre de 2025 sobre el tema Vacunas y sistema inmunol\u00f3gico. En esta entrevista el Dr Calvo explica en lenguaje muy simple c\u00f3mo funciona el sistema inmunol\u00f3gico y las vacunas. Adem\u00e1s profundiza en la importancia de la vacunaci\u00f3n no solamente para uno mismo sino como un acto solidario.","og_url":"https:\/\/ibyme.org.ar\/investigacion\/entrevista-al-dr-juan-carlos-calvo-el-1-de-octubre-de-2025\/","og_site_name":"IBYME","article_published_time":"2025-10-02T16:51:00+00:00","article_modified_time":"2025-10-02T18:08:44+00:00","og_image":[{"width":928,"height":1440,"url":"https:\/\/ibyme.org.ar\/investigacion\/wp-content\/uploads\/2025\/10\/Antena-Pluebo-1.jpg","type":"image\/jpeg"}],"author":"Juan Carlos Calvo","twitter_card":"summary_large_image","twitter_misc":{"Escrito por":"Juan Carlos Calvo","Tiempo de lectura":"1 minuto"},"schema":{"@context":"https:\/\/schema.org","@graph":[{"@type":"WebPage","@id":"https:\/\/ibyme.org.ar\/investigacion\/entrevista-al-dr-juan-carlos-calvo-el-1-de-octubre-de-2025\/","url":"https:\/\/ibyme.org.ar\/investigacion\/entrevista-al-dr-juan-carlos-calvo-el-1-de-octubre-de-2025\/","name":"Entrevista al Dr Juan Carlos Calvo el 1 de octubre de 2025 - IBYME","isPartOf":{"@id":"https:\/\/ibyme.org.ar\/investigacion\/en\/#website"},"primaryImageOfPage":{"@id":"https:\/\/ibyme.org.ar\/investigacion\/entrevista-al-dr-juan-carlos-calvo-el-1-de-octubre-de-2025\/#primaryimage"},"image":{"@id":"https:\/\/ibyme.org.ar\/investigacion\/entrevista-al-dr-juan-carlos-calvo-el-1-de-octubre-de-2025\/#primaryimage"},"thumbnailUrl":"https:\/\/ibyme.org.ar\/investigacion\/wp-content\/uploads\/2025\/10\/Antena-Pluebo-1.jpg","datePublished":"2025-10-02T16:51:00+00:00","dateModified":"2025-10-02T18:08:44+00:00","author":{"@id":"https:\/\/ibyme.org.ar\/investigacion\/en\/#\/schema\/person\/45a637a37ee656b136397e9c413c391f"},"description":"Esta es una entrevista que le realizaron al Dr Juan Carlos Calvo en la radio Antenapueblo el 1 de octubre de 2025 sobre el tema Vacunas y sistema inmunol\u00f3gico. En esta entrevista el Dr Calvo explica en lenguaje muy simple c\u00f3mo funciona el sistema inmunol\u00f3gico y las vacunas. Adem\u00e1s profundiza en la importancia de la vacunaci\u00f3n no solamente para uno mismo sino como un acto solidario.","breadcrumb":{"@id":"https:\/\/ibyme.org.ar\/investigacion\/entrevista-al-dr-juan-carlos-calvo-el-1-de-octubre-de-2025\/#breadcrumb"},"inLanguage":"es","potentialAction":[{"@type":"ReadAction","target":["https:\/\/ibyme.org.ar\/investigacion\/entrevista-al-dr-juan-carlos-calvo-el-1-de-octubre-de-2025\/"]}]},{"@type":"ImageObject","inLanguage":"es","@id":"https:\/\/ibyme.org.ar\/investigacion\/entrevista-al-dr-juan-carlos-calvo-el-1-de-octubre-de-2025\/#primaryimage","url":"https:\/\/ibyme.org.ar\/investigacion\/wp-content\/uploads\/2025\/10\/Antena-Pluebo-1.jpg","contentUrl":"https:\/\/ibyme.org.ar\/investigacion\/wp-content\/uploads\/2025\/10\/Antena-Pluebo-1.jpg","width":928,"height":1440},{"@type":"BreadcrumbList","@id":"https:\/\/ibyme.org.ar\/investigacion\/entrevista-al-dr-juan-carlos-calvo-el-1-de-octubre-de-2025\/#breadcrumb","itemListElement":[{"@type":"ListItem","position":1,"name":"Inicio","item":"https:\/\/ibyme.org.ar\/investigacion\/en\/laboratories\/"},{"@type":"ListItem","position":2,"name":"Entrevista al Dr Juan Carlos Calvo el 1 de octubre de 2025"}]},{"@type":"WebSite","@id":"https:\/\/ibyme.org.ar\/investigacion\/en\/#website","url":"https:\/\/ibyme.org.ar\/investigacion\/en\/","name":"IBYME","description":"Instituto de Biolog\u00eda y Medicina Experimental","potentialAction":[{"@type":"SearchAction","target":{"@type":"EntryPoint","urlTemplate":"https:\/\/ibyme.org.ar\/investigacion\/en\/?s={search_term_string}"},"query-input":{"@type":"PropertyValueSpecification","valueRequired":true,"valueName":"search_term_string"}}],"inLanguage":"es"},{"@type":"Person","@id":"https:\/\/ibyme.org.ar\/investigacion\/en\/#\/schema\/person\/45a637a37ee656b136397e9c413c391f","name":"Juan Carlos Calvo","url":"https:\/\/ibyme.org.ar\/investigacion\/author\/labomec\/"}]}},"_links":{"self":[{"href":"https:\/\/ibyme.org.ar\/investigacion\/wp-json\/wp\/v2\/posts\/12545","targetHints":{"allow":["GET"]}}],"collection":[{"href":"https:\/\/ibyme.org.ar\/investigacion\/wp-json\/wp\/v2\/posts"}],"about":[{"href":"https:\/\/ibyme.org.ar\/investigacion\/wp-json\/wp\/v2\/types\/post"}],"author":[{"embeddable":true,"href":"https:\/\/ibyme.org.ar\/investigacion\/wp-json\/wp\/v2\/users\/18"}],"replies":[{"embeddable":true,"href":"https:\/\/ibyme.org.ar\/investigacion\/wp-json\/wp\/v2\/comments?post=12545"}],"version-history":[{"count":4,"href":"https:\/\/ibyme.org.ar\/investigacion\/wp-json\/wp\/v2\/posts\/12545\/revisions"}],"predecessor-version":[{"id":12552,"href":"https:\/\/ibyme.org.ar\/investigacion\/wp-json\/wp\/v2\/posts\/12545\/revisions\/12552"}],"wp:featuredmedia":[{"embeddable":true,"href":"https:\/\/ibyme.org.ar\/investigacion\/wp-json\/wp\/v2\/media\/12555"}],"wp:attachment":[{"href":"https:\/\/ibyme.org.ar\/investigacion\/wp-json\/wp\/v2\/media?parent=12545"}],"wp:term":[{"taxonomy":"category","embeddable":true,"href":"https:\/\/ibyme.org.ar\/investigacion\/wp-json\/wp\/v2\/categories?post=12545"},{"taxonomy":"post_tag","embeddable":true,"href":"https:\/\/ibyme.org.ar\/investigacion\/wp-json\/wp\/v2\/tags?post=12545"}],"curies":[{"name":"wp","href":"https:\/\/api.w.org\/{rel}","templated":true}]}}