{"id":7512,"date":"2023-07-25T15:20:51","date_gmt":"2023-07-25T18:20:51","guid":{"rendered":"https:\/\/ibyme.org.ar\/investigacion\/?p=7512"},"modified":"2023-07-25T15:48:59","modified_gmt":"2023-07-25T18:48:59","slug":"expertos-de-la-endocrine-society-piden-un-tratado-global-de-plasticos-que-proteja-a-la-poblacion-de-la-exposicion-a-contaminantes-ambientales","status":"publish","type":"post","link":"https:\/\/ibyme.org.ar\/investigacion\/expertos-de-la-endocrine-society-piden-un-tratado-global-de-plasticos-que-proteja-a-la-poblacion-de-la-exposicion-a-contaminantes-ambientales\/","title":{"rendered":"Expertos de la Endocrine Society piden un tratado global de pl\u00e1sticos que proteja a la poblaci\u00f3n de la exposici\u00f3n a contaminantes ambientales"},"content":{"rendered":"<p><img decoding=\"async\" class=\"alignnone size-medium wp-image-7515\" src=\"https:\/\/ibyme.org.ar\/investigacion\/wp-content\/uploads\/2023\/07\/global-plastics-treaty-300x254.jpg\" alt=\"\" width=\"300\" height=\"254\" srcset=\"https:\/\/ibyme.org.ar\/investigacion\/wp-content\/uploads\/2023\/07\/global-plastics-treaty-200x170.jpg 200w, https:\/\/ibyme.org.ar\/investigacion\/wp-content\/uploads\/2023\/07\/global-plastics-treaty-300x254.jpg 300w, https:\/\/ibyme.org.ar\/investigacion\/wp-content\/uploads\/2023\/07\/global-plastics-treaty-400x339.jpg 400w, https:\/\/ibyme.org.ar\/investigacion\/wp-content\/uploads\/2023\/07\/global-plastics-treaty-600x509.jpg 600w, https:\/\/ibyme.org.ar\/investigacion\/wp-content\/uploads\/2023\/07\/global-plastics-treaty-768x651.jpg 768w, https:\/\/ibyme.org.ar\/investigacion\/wp-content\/uploads\/2023\/07\/global-plastics-treaty-800x678.jpg 800w, https:\/\/ibyme.org.ar\/investigacion\/wp-content\/uploads\/2023\/07\/global-plastics-treaty-1024x868.jpg 1024w, https:\/\/ibyme.org.ar\/investigacion\/wp-content\/uploads\/2023\/07\/global-plastics-treaty.jpg 1200w\" sizes=\"(max-width: 300px) 100vw, 300px\" \/><\/p>\n<p>La investigadora Marina Fernandez habl\u00f3 durante el plenario de la Segunda Reuni\u00f3n del Comit\u00e9 Intergubernamental de Negociaci\u00f3n sobre la contaminaci\u00f3n por pl\u00e1sticos en Par\u00eds, Francia: \u201cNuestra comunidad est\u00e1 convencida de que el Tratado Global de Pl\u00e1sticos representa una oportunidad para proteger a la salud humana y ecosist\u00e9mica de los efectos adversos de la contaminaci\u00f3n por pl\u00e1sticos, minimizando la exposici\u00f3n a perturbadores end\u00f3crinos\u201d.<\/p>\n<p>https:\/\/www.endocrine.org\/news-and-advocacy\/news-room\/2023\/endocrine-society-experts-call-for-plastics-treaty-to-protect-public-from-chemical-exposure<\/p>\n<p>&nbsp;<\/p>\n","protected":false},"excerpt":{"rendered":"<p>La investigadora Marina Fernandez habl\u00f3 durante el plenario de la [&hellip;]<\/p>\n","protected":false},"author":24,"featured_media":0,"comment_status":"closed","ping_status":"closed","sticky":false,"template":"","format":"standard","meta":{"_acf_changed":false,"inline_featured_image":false,"wpupg_custom_link":[],"wpupg_custom_link_behaviour":[],"wpupg_custom_link_nofollow":[],"wpupg_custom_image":[],"wpupg_custom_image_id":[],"footnotes":""},"categories":[334],"tags":[],"class_list":["post-7512","post","type-post","status-publish","format-standard","hentry","category-neuroendocrinologia"],"acf":[],"yoast_head":"<!-- This site is optimized with the Yoast SEO plugin v26.6 - https:\/\/yoast.com\/wordpress\/plugins\/seo\/ -->\n<title>Expertos de la Endocrine Society piden un tratado global de pl\u00e1sticos que proteja a la poblaci\u00f3n de la exposici\u00f3n a contaminantes ambientales - IBYME<\/title>\n<meta name=\"robots\" content=\"index, follow, max-snippet:-1, max-image-preview:large, max-video-preview:-1\" \/>\n<link rel=\"canonical\" href=\"https:\/\/ibyme.org.ar\/investigacion\/es\/expertos-de-la-endocrine-society-piden-un-tratado-global-de-plasticos-que-proteja-a-la-poblacion-de-la-exposicion-a-contaminantes-ambientales\/\" \/>\n<meta property=\"og:locale\" content=\"es_ES\" \/>\n<meta property=\"og:type\" content=\"article\" \/>\n<meta property=\"og:title\" content=\"Expertos de la Endocrine Society piden un tratado global de pl\u00e1sticos que proteja a la poblaci\u00f3n de la exposici\u00f3n a contaminantes ambientales - IBYME\" \/>\n<meta property=\"og:description\" content=\"La investigadora Marina Fernandez habl\u00f3 durante el plenario de la [&hellip;]\" \/>\n<meta property=\"og:url\" content=\"https:\/\/ibyme.org.ar\/investigacion\/es\/expertos-de-la-endocrine-society-piden-un-tratado-global-de-plasticos-que-proteja-a-la-poblacion-de-la-exposicion-a-contaminantes-ambientales\/\" \/>\n<meta property=\"og:site_name\" content=\"IBYME\" \/>\n<meta property=\"article:published_time\" content=\"2023-07-25T18:20:51+00:00\" \/>\n<meta property=\"article:modified_time\" content=\"2023-07-25T18:48:59+00:00\" \/>\n<meta property=\"og:image\" content=\"https:\/\/ibyme.org.ar\/investigacion\/wp-content\/uploads\/2023\/07\/global-plastics-treaty-300x254.jpg\" \/>\n<meta name=\"author\" content=\"Marina Fernandez\" \/>\n<meta name=\"twitter:card\" content=\"summary_large_image\" \/>\n<meta name=\"twitter:label1\" content=\"Escrito por\" \/>\n\t<meta name=\"twitter:data1\" content=\"Marina Fernandez\" \/>\n<script type=\"application\/ld+json\" class=\"yoast-schema-graph\">{\"@context\":\"https:\/\/schema.org\",\"@graph\":[{\"@type\":\"WebPage\",\"@id\":\"https:\/\/ibyme.org.ar\/investigacion\/es\/expertos-de-la-endocrine-society-piden-un-tratado-global-de-plasticos-que-proteja-a-la-poblacion-de-la-exposicion-a-contaminantes-ambientales\/\",\"url\":\"https:\/\/ibyme.org.ar\/investigacion\/es\/expertos-de-la-endocrine-society-piden-un-tratado-global-de-plasticos-que-proteja-a-la-poblacion-de-la-exposicion-a-contaminantes-ambientales\/\",\"name\":\"Expertos de la Endocrine Society piden un tratado global de pl\u00e1sticos que proteja a la poblaci\u00f3n de la exposici\u00f3n a contaminantes ambientales - IBYME\",\"isPartOf\":{\"@id\":\"https:\/\/ibyme.org.ar\/investigacion\/en\/#website\"},\"primaryImageOfPage\":{\"@id\":\"https:\/\/ibyme.org.ar\/investigacion\/es\/expertos-de-la-endocrine-society-piden-un-tratado-global-de-plasticos-que-proteja-a-la-poblacion-de-la-exposicion-a-contaminantes-ambientales\/#primaryimage\"},\"image\":{\"@id\":\"https:\/\/ibyme.org.ar\/investigacion\/es\/expertos-de-la-endocrine-society-piden-un-tratado-global-de-plasticos-que-proteja-a-la-poblacion-de-la-exposicion-a-contaminantes-ambientales\/#primaryimage\"},\"thumbnailUrl\":\"https:\/\/ibyme.org.ar\/investigacion\/wp-content\/uploads\/2023\/07\/global-plastics-treaty-300x254.jpg\",\"datePublished\":\"2023-07-25T18:20:51+00:00\",\"dateModified\":\"2023-07-25T18:48:59+00:00\",\"author\":{\"@id\":\"https:\/\/ibyme.org.ar\/investigacion\/en\/#\/schema\/person\/9f27fbf40ec187336e26f131256b8f8d\"},\"breadcrumb\":{\"@id\":\"https:\/\/ibyme.org.ar\/investigacion\/es\/expertos-de-la-endocrine-society-piden-un-tratado-global-de-plasticos-que-proteja-a-la-poblacion-de-la-exposicion-a-contaminantes-ambientales\/#breadcrumb\"},\"inLanguage\":\"es\",\"potentialAction\":[{\"@type\":\"ReadAction\",\"target\":[\"https:\/\/ibyme.org.ar\/investigacion\/es\/expertos-de-la-endocrine-society-piden-un-tratado-global-de-plasticos-que-proteja-a-la-poblacion-de-la-exposicion-a-contaminantes-ambientales\/\"]}]},{\"@type\":\"ImageObject\",\"inLanguage\":\"es\",\"@id\":\"https:\/\/ibyme.org.ar\/investigacion\/es\/expertos-de-la-endocrine-society-piden-un-tratado-global-de-plasticos-que-proteja-a-la-poblacion-de-la-exposicion-a-contaminantes-ambientales\/#primaryimage\",\"url\":\"https:\/\/ibyme.org.ar\/investigacion\/wp-content\/uploads\/2023\/07\/global-plastics-treaty.jpg\",\"contentUrl\":\"https:\/\/ibyme.org.ar\/investigacion\/wp-content\/uploads\/2023\/07\/global-plastics-treaty.jpg\",\"width\":1200,\"height\":1017},{\"@type\":\"BreadcrumbList\",\"@id\":\"https:\/\/ibyme.org.ar\/investigacion\/es\/expertos-de-la-endocrine-society-piden-un-tratado-global-de-plasticos-que-proteja-a-la-poblacion-de-la-exposicion-a-contaminantes-ambientales\/#breadcrumb\",\"itemListElement\":[{\"@type\":\"ListItem\",\"position\":1,\"name\":\"Inicio\",\"item\":\"https:\/\/ibyme.org.ar\/investigacion\/en\/laboratories\/\"},{\"@type\":\"ListItem\",\"position\":2,\"name\":\"Expertos de la Endocrine Society piden un tratado global de pl\u00e1sticos que proteja a la poblaci\u00f3n de la exposici\u00f3n a contaminantes ambientales\"}]},{\"@type\":\"WebSite\",\"@id\":\"https:\/\/ibyme.org.ar\/investigacion\/en\/#website\",\"url\":\"https:\/\/ibyme.org.ar\/investigacion\/en\/\",\"name\":\"IBYME\",\"description\":\"Instituto de Biolog\u00eda y Medicina Experimental\",\"potentialAction\":[{\"@type\":\"SearchAction\",\"target\":{\"@type\":\"EntryPoint\",\"urlTemplate\":\"https:\/\/ibyme.org.ar\/investigacion\/en\/?s={search_term_string}\"},\"query-input\":{\"@type\":\"PropertyValueSpecification\",\"valueRequired\":true,\"valueName\":\"search_term_string\"}}],\"inLanguage\":\"es\"},{\"@type\":\"Person\",\"@id\":\"https:\/\/ibyme.org.ar\/investigacion\/en\/#\/schema\/person\/9f27fbf40ec187336e26f131256b8f8d\",\"name\":\"Marina Fernandez\",\"url\":\"https:\/\/ibyme.org.ar\/investigacion\/author\/neuroendo\/\"}]}<\/script>\n<!-- \/ Yoast SEO plugin. -->","yoast_head_json":{"title":"Expertos de la Endocrine Society piden un tratado global de pl\u00e1sticos que proteja a la poblaci\u00f3n de la exposici\u00f3n a contaminantes ambientales - IBYME","robots":{"index":"index","follow":"follow","max-snippet":"max-snippet:-1","max-image-preview":"max-image-preview:large","max-video-preview":"max-video-preview:-1"},"canonical":"https:\/\/ibyme.org.ar\/investigacion\/es\/expertos-de-la-endocrine-society-piden-un-tratado-global-de-plasticos-que-proteja-a-la-poblacion-de-la-exposicion-a-contaminantes-ambientales\/","og_locale":"es_ES","og_type":"article","og_title":"Expertos de la Endocrine Society piden un tratado global de pl\u00e1sticos que proteja a la poblaci\u00f3n de la exposici\u00f3n a contaminantes ambientales - IBYME","og_description":"La investigadora Marina Fernandez habl\u00f3 durante el plenario de la [&hellip;]","og_url":"https:\/\/ibyme.org.ar\/investigacion\/es\/expertos-de-la-endocrine-society-piden-un-tratado-global-de-plasticos-que-proteja-a-la-poblacion-de-la-exposicion-a-contaminantes-ambientales\/","og_site_name":"IBYME","article_published_time":"2023-07-25T18:20:51+00:00","article_modified_time":"2023-07-25T18:48:59+00:00","og_image":[{"url":"https:\/\/ibyme.org.ar\/investigacion\/wp-content\/uploads\/2023\/07\/global-plastics-treaty-300x254.jpg","type":"","width":"","height":""}],"author":"Marina Fernandez","twitter_card":"summary_large_image","twitter_misc":{"Escrito por":"Marina Fernandez"},"schema":{"@context":"https:\/\/schema.org","@graph":[{"@type":"WebPage","@id":"https:\/\/ibyme.org.ar\/investigacion\/es\/expertos-de-la-endocrine-society-piden-un-tratado-global-de-plasticos-que-proteja-a-la-poblacion-de-la-exposicion-a-contaminantes-ambientales\/","url":"https:\/\/ibyme.org.ar\/investigacion\/es\/expertos-de-la-endocrine-society-piden-un-tratado-global-de-plasticos-que-proteja-a-la-poblacion-de-la-exposicion-a-contaminantes-ambientales\/","name":"Expertos de la Endocrine Society piden un tratado global de pl\u00e1sticos que proteja a la poblaci\u00f3n de la exposici\u00f3n a contaminantes ambientales - IBYME","isPartOf":{"@id":"https:\/\/ibyme.org.ar\/investigacion\/en\/#website"},"primaryImageOfPage":{"@id":"https:\/\/ibyme.org.ar\/investigacion\/es\/expertos-de-la-endocrine-society-piden-un-tratado-global-de-plasticos-que-proteja-a-la-poblacion-de-la-exposicion-a-contaminantes-ambientales\/#primaryimage"},"image":{"@id":"https:\/\/ibyme.org.ar\/investigacion\/es\/expertos-de-la-endocrine-society-piden-un-tratado-global-de-plasticos-que-proteja-a-la-poblacion-de-la-exposicion-a-contaminantes-ambientales\/#primaryimage"},"thumbnailUrl":"https:\/\/ibyme.org.ar\/investigacion\/wp-content\/uploads\/2023\/07\/global-plastics-treaty-300x254.jpg","datePublished":"2023-07-25T18:20:51+00:00","dateModified":"2023-07-25T18:48:59+00:00","author":{"@id":"https:\/\/ibyme.org.ar\/investigacion\/en\/#\/schema\/person\/9f27fbf40ec187336e26f131256b8f8d"},"breadcrumb":{"@id":"https:\/\/ibyme.org.ar\/investigacion\/es\/expertos-de-la-endocrine-society-piden-un-tratado-global-de-plasticos-que-proteja-a-la-poblacion-de-la-exposicion-a-contaminantes-ambientales\/#breadcrumb"},"inLanguage":"es","potentialAction":[{"@type":"ReadAction","target":["https:\/\/ibyme.org.ar\/investigacion\/es\/expertos-de-la-endocrine-society-piden-un-tratado-global-de-plasticos-que-proteja-a-la-poblacion-de-la-exposicion-a-contaminantes-ambientales\/"]}]},{"@type":"ImageObject","inLanguage":"es","@id":"https:\/\/ibyme.org.ar\/investigacion\/es\/expertos-de-la-endocrine-society-piden-un-tratado-global-de-plasticos-que-proteja-a-la-poblacion-de-la-exposicion-a-contaminantes-ambientales\/#primaryimage","url":"https:\/\/ibyme.org.ar\/investigacion\/wp-content\/uploads\/2023\/07\/global-plastics-treaty.jpg","contentUrl":"https:\/\/ibyme.org.ar\/investigacion\/wp-content\/uploads\/2023\/07\/global-plastics-treaty.jpg","width":1200,"height":1017},{"@type":"BreadcrumbList","@id":"https:\/\/ibyme.org.ar\/investigacion\/es\/expertos-de-la-endocrine-society-piden-un-tratado-global-de-plasticos-que-proteja-a-la-poblacion-de-la-exposicion-a-contaminantes-ambientales\/#breadcrumb","itemListElement":[{"@type":"ListItem","position":1,"name":"Inicio","item":"https:\/\/ibyme.org.ar\/investigacion\/en\/laboratories\/"},{"@type":"ListItem","position":2,"name":"Expertos de la Endocrine Society piden un tratado global de pl\u00e1sticos que proteja a la poblaci\u00f3n de la exposici\u00f3n a contaminantes ambientales"}]},{"@type":"WebSite","@id":"https:\/\/ibyme.org.ar\/investigacion\/en\/#website","url":"https:\/\/ibyme.org.ar\/investigacion\/en\/","name":"IBYME","description":"Instituto de Biolog\u00eda y Medicina Experimental","potentialAction":[{"@type":"SearchAction","target":{"@type":"EntryPoint","urlTemplate":"https:\/\/ibyme.org.ar\/investigacion\/en\/?s={search_term_string}"},"query-input":{"@type":"PropertyValueSpecification","valueRequired":true,"valueName":"search_term_string"}}],"inLanguage":"es"},{"@type":"Person","@id":"https:\/\/ibyme.org.ar\/investigacion\/en\/#\/schema\/person\/9f27fbf40ec187336e26f131256b8f8d","name":"Marina Fernandez","url":"https:\/\/ibyme.org.ar\/investigacion\/author\/neuroendo\/"}]}},"_links":{"self":[{"href":"https:\/\/ibyme.org.ar\/investigacion\/wp-json\/wp\/v2\/posts\/7512","targetHints":{"allow":["GET"]}}],"collection":[{"href":"https:\/\/ibyme.org.ar\/investigacion\/wp-json\/wp\/v2\/posts"}],"about":[{"href":"https:\/\/ibyme.org.ar\/investigacion\/wp-json\/wp\/v2\/types\/post"}],"author":[{"embeddable":true,"href":"https:\/\/ibyme.org.ar\/investigacion\/wp-json\/wp\/v2\/users\/24"}],"replies":[{"embeddable":true,"href":"https:\/\/ibyme.org.ar\/investigacion\/wp-json\/wp\/v2\/comments?post=7512"}],"version-history":[{"count":4,"href":"https:\/\/ibyme.org.ar\/investigacion\/wp-json\/wp\/v2\/posts\/7512\/revisions"}],"predecessor-version":[{"id":7520,"href":"https:\/\/ibyme.org.ar\/investigacion\/wp-json\/wp\/v2\/posts\/7512\/revisions\/7520"}],"wp:attachment":[{"href":"https:\/\/ibyme.org.ar\/investigacion\/wp-json\/wp\/v2\/media?parent=7512"}],"wp:term":[{"taxonomy":"category","embeddable":true,"href":"https:\/\/ibyme.org.ar\/investigacion\/wp-json\/wp\/v2\/categories?post=7512"},{"taxonomy":"post_tag","embeddable":true,"href":"https:\/\/ibyme.org.ar\/investigacion\/wp-json\/wp\/v2\/tags?post=7512"}],"curies":[{"name":"wp","href":"https:\/\/api.w.org\/{rel}","templated":true}]}}